{"id":4399,"date":"2023-10-18T18:44:30","date_gmt":"2023-10-18T18:44:30","guid":{"rendered":"https:\/\/hotellaperla.ma\/?p=4399"},"modified":"2023-10-18T19:47:21","modified_gmt":"2023-10-18T19:47:21","slug":"al-hoceimadestination-privilegie","status":"publish","type":"post","link":"https:\/\/hotellaperla.ma\/de\/al-hoceimadestination-privilegie\/","title":{"rendered":"Al-Hoceima, privilegiertes Reiseziel"},"content":{"rendered":"<p>Al Hoceima aussi nomm\u00e9e \u00ab la perle de la M\u00e9diterran\u00e9e \u00bb est une ville baln\u00e9aire avec ses eaux bleues de la M\u00e9diterran\u00e9e, ses vagues douces, est l\u2019une des plus belles villes du monde, situ\u00e9e au nord du Maroc.<\/p>","protected":false},"excerpt":{"rendered":"<p>Al Hoceima aussi nomm\u00e9e \u00ab la perle de la M\u00e9diterran\u00e9e \u00bb est une ville baln\u00e9aire avec ses eaux bleues de la M\u00e9diterran\u00e9e, ses vagues douces, est l\u2019une des plus belles villes du monde, situ\u00e9e au nord du Maroc.<\/p>","protected":false},"author":1,"featured_media":4319,"comment_status":"open","ping_status":"open","sticky":false,"template":"","format":"standard","meta":{"footnotes":""},"categories":[59],"tags":[],"class_list":["post-4399","post","type-post","status-publish","format-standard","has-post-thumbnail","hentry","category-presentations"],"yoast_head":"<!-- This site is optimized with the Yoast SEO plugin v21.4 - https:\/\/yoast.com\/wordpress\/plugins\/seo\/ -->\n<title>Al-Hoceima,Destination privil\u00e9gi\u00e9 - Hotel La Perla<\/title>\n<meta name=\"robots\" content=\"index, follow, max-snippet:-1, max-image-preview:large, max-video-preview:-1\" \/>\n<link rel=\"canonical\" href=\"https:\/\/hotellaperla.ma\/de\/al-hoceimadestination-privilegie\/\" \/>\n<meta property=\"og:locale\" content=\"de_DE\" \/>\n<meta property=\"og:type\" content=\"article\" \/>\n<meta property=\"og:title\" content=\"Al-Hoceima,Destination privil\u00e9gi\u00e9 - Hotel La Perla\" \/>\n<meta property=\"og:description\" content=\"Al Hoceima aussi nomm\u00e9e \u00ab la perle de la M\u00e9diterran\u00e9e \u00bb est une ville baln\u00e9aire avec ses eaux bleues de la M\u00e9diterran\u00e9e, ses vagues douces, est l\u2019une des plus belles villes du monde, situ\u00e9e au nord du Maroc.\" \/>\n<meta property=\"og:url\" content=\"https:\/\/hotellaperla.ma\/de\/al-hoceimadestination-privilegie\/\" \/>\n<meta property=\"og:site_name\" content=\"Hotel La Perla\" \/>\n<meta property=\"article:publisher\" content=\"https:\/\/facebook.com\/hotellaperla01\" \/>\n<meta property=\"article:published_time\" content=\"2023-10-18T18:44:30+00:00\" \/>\n<meta property=\"article:modified_time\" content=\"2023-10-18T19:47:21+00:00\" \/>\n<meta property=\"og:image\" content=\"https:\/\/hotellaperla.ma\/wp-content\/uploads\/2023\/10\/plage.jpg\" \/>\n\t<meta property=\"og:image:width\" content=\"500\" \/>\n\t<meta property=\"og:image:height\" content=\"257\" \/>\n\t<meta property=\"og:image:type\" content=\"image\/jpeg\" \/>\n<meta name=\"author\" content=\"admin\" \/>\n<meta name=\"twitter:card\" content=\"summary_large_image\" \/>\n<meta name=\"twitter:label1\" content=\"Verfasst von\" \/>\n\t<meta name=\"twitter:data1\" content=\"admin\" \/>\n<script type=\"application\/ld+json\" class=\"yoast-schema-graph\">{\"@context\":\"https:\/\/schema.org\",\"@graph\":[{\"@type\":\"Article\",\"@id\":\"https:\/\/hotellaperla.ma\/al-hoceimadestination-privilegie\/#article\",\"isPartOf\":{\"@id\":\"https:\/\/hotellaperla.ma\/al-hoceimadestination-privilegie\/\"},\"author\":{\"name\":\"admin\",\"@id\":\"https:\/\/hotellaperla.ma\/#\/schema\/person\/5facf9d1cbb5884d210d1bf079d4d1ba\"},\"headline\":\"Al-Hoceima,Destination privil\u00e9gi\u00e9\",\"datePublished\":\"2023-10-18T18:44:30+00:00\",\"dateModified\":\"2023-10-18T19:47:21+00:00\",\"mainEntityOfPage\":{\"@id\":\"https:\/\/hotellaperla.ma\/al-hoceimadestination-privilegie\/\"},\"wordCount\":48,\"commentCount\":0,\"publisher\":{\"@id\":\"https:\/\/hotellaperla.ma\/#organization\"},\"articleSection\":[\"Pr\u00e9sentations\"],\"inLanguage\":\"de\",\"potentialAction\":[{\"@type\":\"CommentAction\",\"name\":\"Comment\",\"target\":[\"https:\/\/hotellaperla.ma\/al-hoceimadestination-privilegie\/#respond\"]}]},{\"@type\":\"WebPage\",\"@id\":\"https:\/\/hotellaperla.ma\/al-hoceimadestination-privilegie\/\",\"url\":\"https:\/\/hotellaperla.ma\/al-hoceimadestination-privilegie\/\",\"name\":\"Al-Hoceima,Destination privil\u00e9gi\u00e9 - Hotel La Perla\",\"isPartOf\":{\"@id\":\"https:\/\/hotellaperla.ma\/#website\"},\"datePublished\":\"2023-10-18T18:44:30+00:00\",\"dateModified\":\"2023-10-18T19:47:21+00:00\",\"breadcrumb\":{\"@id\":\"https:\/\/hotellaperla.ma\/al-hoceimadestination-privilegie\/#breadcrumb\"},\"inLanguage\":\"de\",\"potentialAction\":[{\"@type\":\"ReadAction\",\"target\":[\"https:\/\/hotellaperla.ma\/al-hoceimadestination-privilegie\/\"]}]},{\"@type\":\"BreadcrumbList\",\"@id\":\"https:\/\/hotellaperla.ma\/al-hoceimadestination-privilegie\/#breadcrumb\",\"itemListElement\":[{\"@type\":\"ListItem\",\"position\":1,\"name\":\"Accueil\",\"item\":\"https:\/\/hotellaperla.ma\/\"},{\"@type\":\"ListItem\",\"position\":2,\"name\":\"Al-Hoceima,Destination privil\u00e9gi\u00e9\"}]},{\"@type\":\"WebSite\",\"@id\":\"https:\/\/hotellaperla.ma\/#website\",\"url\":\"https:\/\/hotellaperla.ma\/\",\"name\":\"Hotel La Perla\",\"description\":\"\",\"publisher\":{\"@id\":\"https:\/\/hotellaperla.ma\/#organization\"},\"potentialAction\":[{\"@type\":\"SearchAction\",\"target\":{\"@type\":\"EntryPoint\",\"urlTemplate\":\"https:\/\/hotellaperla.ma\/?s={search_term_string}\"},\"query-input\":\"required name=search_term_string\"}],\"inLanguage\":\"de\"},{\"@type\":\"Organization\",\"@id\":\"https:\/\/hotellaperla.ma\/#organization\",\"name\":\"Hotel La Perla\",\"url\":\"https:\/\/hotellaperla.ma\/\",\"logo\":{\"@type\":\"ImageObject\",\"inLanguage\":\"de\",\"@id\":\"https:\/\/hotellaperla.ma\/#\/schema\/logo\/image\/\",\"url\":\"https:\/\/hotellaperla.ma\/wp-content\/uploads\/2023\/10\/hotel-la-perla-logo.webp\",\"contentUrl\":\"https:\/\/hotellaperla.ma\/wp-content\/uploads\/2023\/10\/hotel-la-perla-logo.webp\",\"width\":354,\"height\":118,\"caption\":\"Hotel La Perla\"},\"image\":{\"@id\":\"https:\/\/hotellaperla.ma\/#\/schema\/logo\/image\/\"},\"sameAs\":[\"https:\/\/facebook.com\/hotellaperla01\",\"https:\/\/instagram.com\/hotellaperla0\/\"]},{\"@type\":\"Person\",\"@id\":\"https:\/\/hotellaperla.ma\/#\/schema\/person\/5facf9d1cbb5884d210d1bf079d4d1ba\",\"name\":\"admin\",\"image\":{\"@type\":\"ImageObject\",\"inLanguage\":\"de\",\"@id\":\"https:\/\/hotellaperla.ma\/#\/schema\/person\/image\/\",\"url\":\"https:\/\/secure.gravatar.com\/avatar\/94d7d9fcfd518dc2b3f96041f7e3ecdd92e539522098dd2ae91b0f268ae8b9a2?s=96&d=mm&r=g\",\"contentUrl\":\"https:\/\/secure.gravatar.com\/avatar\/94d7d9fcfd518dc2b3f96041f7e3ecdd92e539522098dd2ae91b0f268ae8b9a2?s=96&d=mm&r=g\",\"caption\":\"admin\"},\"sameAs\":[\"https:\/\/hotellaperla.ma\"],\"url\":\"https:\/\/hotellaperla.ma\/de\/author\/admin_qfyqyqa7\/\"}]}<\/script>\n<!-- \/ Yoast SEO plugin. -->","yoast_head_json":{"title":"Al-Hoceima,Destination privil\u00e9gi\u00e9 - Hotel La Perla","robots":{"index":"index","follow":"follow","max-snippet":"max-snippet:-1","max-image-preview":"max-image-preview:large","max-video-preview":"max-video-preview:-1"},"canonical":"https:\/\/hotellaperla.ma\/de\/al-hoceimadestination-privilegie\/","og_locale":"de_DE","og_type":"article","og_title":"Al-Hoceima,Destination privil\u00e9gi\u00e9 - Hotel La Perla","og_description":"Al Hoceima aussi nomm\u00e9e \u00ab la perle de la M\u00e9diterran\u00e9e \u00bb est une ville baln\u00e9aire avec ses eaux bleues de la M\u00e9diterran\u00e9e, ses vagues douces, est l\u2019une des plus belles villes du monde, situ\u00e9e au nord du Maroc.","og_url":"https:\/\/hotellaperla.ma\/de\/al-hoceimadestination-privilegie\/","og_site_name":"Hotel La Perla","article_publisher":"https:\/\/facebook.com\/hotellaperla01","article_published_time":"2023-10-18T18:44:30+00:00","article_modified_time":"2023-10-18T19:47:21+00:00","og_image":[{"width":500,"height":257,"url":"https:\/\/hotellaperla.ma\/wp-content\/uploads\/2023\/10\/plage.jpg","type":"image\/jpeg"}],"author":"admin","twitter_card":"summary_large_image","twitter_misc":{"Verfasst von":"admin"},"schema":{"@context":"https:\/\/schema.org","@graph":[{"@type":"Article","@id":"https:\/\/hotellaperla.ma\/al-hoceimadestination-privilegie\/#article","isPartOf":{"@id":"https:\/\/hotellaperla.ma\/al-hoceimadestination-privilegie\/"},"author":{"name":"admin","@id":"https:\/\/hotellaperla.ma\/#\/schema\/person\/5facf9d1cbb5884d210d1bf079d4d1ba"},"headline":"Al-Hoceima,Destination privil\u00e9gi\u00e9","datePublished":"2023-10-18T18:44:30+00:00","dateModified":"2023-10-18T19:47:21+00:00","mainEntityOfPage":{"@id":"https:\/\/hotellaperla.ma\/al-hoceimadestination-privilegie\/"},"wordCount":48,"commentCount":0,"publisher":{"@id":"https:\/\/hotellaperla.ma\/#organization"},"articleSection":["Pr\u00e9sentations"],"inLanguage":"de","potentialAction":[{"@type":"CommentAction","name":"Comment","target":["https:\/\/hotellaperla.ma\/al-hoceimadestination-privilegie\/#respond"]}]},{"@type":"WebPage","@id":"https:\/\/hotellaperla.ma\/al-hoceimadestination-privilegie\/","url":"https:\/\/hotellaperla.ma\/al-hoceimadestination-privilegie\/","name":"Al-Hoceima,Destination privil\u00e9gi\u00e9 - Hotel La Perla","isPartOf":{"@id":"https:\/\/hotellaperla.ma\/#website"},"datePublished":"2023-10-18T18:44:30+00:00","dateModified":"2023-10-18T19:47:21+00:00","breadcrumb":{"@id":"https:\/\/hotellaperla.ma\/al-hoceimadestination-privilegie\/#breadcrumb"},"inLanguage":"de","potentialAction":[{"@type":"ReadAction","target":["https:\/\/hotellaperla.ma\/al-hoceimadestination-privilegie\/"]}]},{"@type":"BreadcrumbList","@id":"https:\/\/hotellaperla.ma\/al-hoceimadestination-privilegie\/#breadcrumb","itemListElement":[{"@type":"ListItem","position":1,"name":"Accueil","item":"https:\/\/hotellaperla.ma\/"},{"@type":"ListItem","position":2,"name":"Al-Hoceima,Destination privil\u00e9gi\u00e9"}]},{"@type":"WebSite","@id":"https:\/\/hotellaperla.ma\/#website","url":"https:\/\/hotellaperla.ma\/","name":"Hotel La Perla","description":"","publisher":{"@id":"https:\/\/hotellaperla.ma\/#organization"},"potentialAction":[{"@type":"SearchAction","target":{"@type":"EntryPoint","urlTemplate":"https:\/\/hotellaperla.ma\/?s={search_term_string}"},"query-input":"required name=search_term_string"}],"inLanguage":"de"},{"@type":"Organization","@id":"https:\/\/hotellaperla.ma\/#organization","name":"Hotel La Perla","url":"https:\/\/hotellaperla.ma\/","logo":{"@type":"ImageObject","inLanguage":"de","@id":"https:\/\/hotellaperla.ma\/#\/schema\/logo\/image\/","url":"https:\/\/hotellaperla.ma\/wp-content\/uploads\/2023\/10\/hotel-la-perla-logo.webp","contentUrl":"https:\/\/hotellaperla.ma\/wp-content\/uploads\/2023\/10\/hotel-la-perla-logo.webp","width":354,"height":118,"caption":"Hotel La Perla"},"image":{"@id":"https:\/\/hotellaperla.ma\/#\/schema\/logo\/image\/"},"sameAs":["https:\/\/facebook.com\/hotellaperla01","https:\/\/instagram.com\/hotellaperla0\/"]},{"@type":"Person","@id":"https:\/\/hotellaperla.ma\/#\/schema\/person\/5facf9d1cbb5884d210d1bf079d4d1ba","name":"admin","image":{"@type":"ImageObject","inLanguage":"de","@id":"https:\/\/hotellaperla.ma\/#\/schema\/person\/image\/","url":"https:\/\/secure.gravatar.com\/avatar\/94d7d9fcfd518dc2b3f96041f7e3ecdd92e539522098dd2ae91b0f268ae8b9a2?s=96&d=mm&r=g","contentUrl":"https:\/\/secure.gravatar.com\/avatar\/94d7d9fcfd518dc2b3f96041f7e3ecdd92e539522098dd2ae91b0f268ae8b9a2?s=96&d=mm&r=g","caption":"admin"},"sameAs":["https:\/\/hotellaperla.ma"],"url":"https:\/\/hotellaperla.ma\/de\/author\/admin_qfyqyqa7\/"}]}},"_links":{"self":[{"href":"https:\/\/hotellaperla.ma\/de\/wp-json\/wp\/v2\/posts\/4399","targetHints":{"allow":["GET"]}}],"collection":[{"href":"https:\/\/hotellaperla.ma\/de\/wp-json\/wp\/v2\/posts"}],"about":[{"href":"https:\/\/hotellaperla.ma\/de\/wp-json\/wp\/v2\/types\/post"}],"author":[{"embeddable":true,"href":"https:\/\/hotellaperla.ma\/de\/wp-json\/wp\/v2\/users\/1"}],"replies":[{"embeddable":true,"href":"https:\/\/hotellaperla.ma\/de\/wp-json\/wp\/v2\/comments?post=4399"}],"version-history":[{"count":1,"href":"https:\/\/hotellaperla.ma\/de\/wp-json\/wp\/v2\/posts\/4399\/revisions"}],"predecessor-version":[{"id":4400,"href":"https:\/\/hotellaperla.ma\/de\/wp-json\/wp\/v2\/posts\/4399\/revisions\/4400"}],"wp:featuredmedia":[{"embeddable":true,"href":"https:\/\/hotellaperla.ma\/de\/wp-json\/wp\/v2\/media\/4319"}],"wp:attachment":[{"href":"https:\/\/hotellaperla.ma\/de\/wp-json\/wp\/v2\/media?parent=4399"}],"wp:term":[{"taxonomy":"category","embeddable":true,"href":"https:\/\/hotellaperla.ma\/de\/wp-json\/wp\/v2\/categories?post=4399"},{"taxonomy":"post_tag","embeddable":true,"href":"https:\/\/hotellaperla.ma\/de\/wp-json\/wp\/v2\/tags?post=4399"}],"curies":[{"name":"wp","href":"https:\/\/api.w.org\/{rel}","templated":true}]}}